{"id":4996,"date":"2023-01-25T17:58:17","date_gmt":"2023-01-25T15:58:17","guid":{"rendered":"https:\/\/www.mcw-systemtechnik.de\/?p=4996"},"modified":"2024-08-16T10:14:09","modified_gmt":"2024-08-16T08:14:09","slug":"gruendung-der-mcw-systemtechnik-gmbh","status":"publish","type":"post","link":"https:\/\/mcw-systemtechnik.com\/de\/gruendung-der-mcw-systemtechnik-gmbh\/","title":{"rendered":"Gr\u00fcndung der MCW Systemtechnik GmbH"},"content":{"rendered":"<div class=\"fusion-fullwidth fullwidth-box fusion-builder-row-1 fusion-flex-container nonhundred-percent-fullwidth non-hundred-percent-height-scrolling\" style=\"--awb-border-radius-top-left:0px;--awb-border-radius-top-right:0px;--awb-border-radius-bottom-right:0px;--awb-border-radius-bottom-left:0px;--awb-margin-top:0%;--awb-flex-wrap:wrap;\" ><div class=\"fusion-builder-row fusion-row fusion-flex-align-items-flex-start fusion-flex-content-wrap\" style=\"max-width:104%;margin-left: calc(-4% \/ 2 );margin-right: calc(-4% \/ 2 );\"><div class=\"fusion-layout-column fusion_builder_column fusion-builder-column-0 fusion_builder_column_1_1 1_1 fusion-flex-column\" style=\"--awb-bg-size:cover;--awb-width-large:100%;--awb-margin-top-large:0px;--awb-spacing-right-large:1.92%;--awb-margin-bottom-large:0px;--awb-spacing-left-large:1.92%;--awb-width-medium:100%;--awb-spacing-right-medium:1.92%;--awb-spacing-left-medium:1.92%;--awb-width-small:100%;--awb-spacing-right-small:1.92%;--awb-spacing-left-small:1.92%;\"><div class=\"fusion-column-wrapper fusion-flex-justify-content-flex-start fusion-content-layout-column\"><div class=\"fusion-separator fusion-full-width-sep\" style=\"align-self: center;margin-left: auto;margin-right: auto;margin-top:15px;margin-bottom:15px;width:100%;\"><\/div><div class=\"fusion-text fusion-text-1\" style=\"--awb-text-transform:none;\"><div class=\"wpb_text_column wpb_content_element vc_custom_1636967037502\">\n<div class=\"wpb_wrapper\">\n<div class=\"\">\n<div class=\"WordSection1\">\n<div class=\"\">Die Br\u00fcder Wolf gr\u00fcndeten im Januar 2023 die MCW Systemtechnik GmbH und l\u00e4uteten damit den n\u00e4chsten Schritt unserer Erfolgsgeschichte ein. Matthias Wolf leitet die MCW Systemtechnik GmbH als Gesellschafter-Gesch\u00e4ftsf\u00fchrer.<\/div>\n<\/div>\n<\/div>\n<\/div>\n<\/div>\n<\/div><\/div><\/div><div class=\"fusion-layout-column fusion_builder_column fusion-builder-column-1 fusion_builder_column_1_1 1_1 fusion-flex-column\" style=\"--awb-bg-size:cover;--awb-width-large:100%;--awb-margin-top-large:15px;--awb-spacing-right-large:1.92%;--awb-margin-bottom-large:15px;--awb-spacing-left-large:1.92%;--awb-width-medium:100%;--awb-spacing-right-medium:1.92%;--awb-spacing-left-medium:1.92%;--awb-width-small:100%;--awb-spacing-right-small:1.92%;--awb-spacing-left-small:1.92%;\"><div class=\"fusion-column-wrapper fusion-column-has-shadow fusion-flex-justify-content-flex-start fusion-content-layout-column\"><div class=\"fusion-separator fusion-full-width-sep\" style=\"align-self: center;margin-left: auto;margin-right: auto;margin-top:15px;margin-bottom:15px;width:100%;\"><\/div><div style=\"text-align:center;\"><a class=\"fusion-button button-flat fusion-button-default-size button-default fusion-button-default button-1 fusion-button-default-span fusion-button-default-type\" target=\"_self\" href=\"https:\/\/mcw-systemtechnik.com\/de\/news-projekte\/\"><span class=\"fusion-button-text awb-button__text awb-button__text--default\">zur\u00fcck zur \u00dcbersicht<\/span><\/a><\/div><\/div><\/div><\/div><\/div>\n","protected":false},"excerpt":{"rendered":"","protected":false},"author":1,"featured_media":5975,"comment_status":"closed","ping_status":"closed","sticky":false,"template":"","format":"standard","meta":{"footnotes":""},"categories":[19],"tags":[],"class_list":["post-4996","post","type-post","status-publish","format-standard","has-post-thumbnail","hentry","category-allgemein"],"yoast_head":"<!-- This site is optimized with the Yoast SEO Premium plugin v27.4 (Yoast SEO v27.5) - https:\/\/yoast.com\/product\/yoast-seo-premium-wordpress\/ -->\n<title>Gr\u00fcndung der MCW Systemtechnik GmbH - MCW Systemtechnik<\/title>\n<meta name=\"description\" content=\"Die Br\u00fcder Wolf gr\u00fcndeten im Januar 2023 die MCW Systemtechnik GmbH und l\u00e4uteten damit den n\u00e4chsten Schritt unserer Erfolgsgeschichte ein.\" \/>\n<meta name=\"robots\" content=\"index, follow, max-snippet:-1, max-image-preview:large, max-video-preview:-1\" \/>\n<link rel=\"canonical\" href=\"https:\/\/mcw-systemtechnik.com\/de\/gruendung-der-mcw-systemtechnik-gmbh\/\" \/>\n<meta property=\"og:locale\" content=\"de_DE\" \/>\n<meta property=\"og:type\" content=\"article\" \/>\n<meta property=\"og:title\" content=\"Gr\u00fcndung der MCW Systemtechnik GmbH\" \/>\n<meta property=\"og:description\" content=\"Die Br\u00fcder Wolf gr\u00fcndeten im Januar 2023 die MCW Systemtechnik GmbH und l\u00e4uteten damit den n\u00e4chsten Schritt unserer Erfolgsgeschichte ein.\" \/>\n<meta property=\"og:url\" content=\"https:\/\/mcw-systemtechnik.com\/de\/gruendung-der-mcw-systemtechnik-gmbh\/\" \/>\n<meta property=\"og:site_name\" content=\"MCW Systemtechnik\" \/>\n<meta property=\"article:publisher\" content=\"https:\/\/www.facebook.com\/MCWSystemtechnik\/\" \/>\n<meta property=\"article:author\" content=\"https:\/\/www.facebook.com\/werbeluchs\/\" \/>\n<meta property=\"article:published_time\" content=\"2023-01-25T15:58:17+00:00\" \/>\n<meta property=\"article:modified_time\" content=\"2024-08-16T08:14:09+00:00\" \/>\n<meta property=\"og:image\" content=\"https:\/\/mcw-systemtechnik.com\/wp-content\/uploads\/Logo-MCW-Systemtechnik-Beitrag.webp\" \/>\n\t<meta property=\"og:image:width\" content=\"503\" \/>\n\t<meta property=\"og:image:height\" content=\"372\" \/>\n\t<meta property=\"og:image:type\" content=\"image\/webp\" \/>\n<meta name=\"author\" content=\"werbeluchs\" \/>\n<script type=\"application\/ld+json\" class=\"yoast-schema-graph\">{\"@context\":\"https:\\\/\\\/schema.org\",\"@graph\":[{\"@type\":\"Article\",\"@id\":\"https:\\\/\\\/mcw-systemtechnik.com\\\/de\\\/gruendung-der-mcw-systemtechnik-gmbh\\\/#article\",\"isPartOf\":{\"@id\":\"https:\\\/\\\/mcw-systemtechnik.com\\\/de\\\/gruendung-der-mcw-systemtechnik-gmbh\\\/\"},\"author\":{\"name\":\"werbeluchs\",\"@id\":\"https:\\\/\\\/mcw-systemtechnik.com\\\/de\\\/#\\\/schema\\\/person\\\/f5089f83085d52d59b37630503785cdd\"},\"headline\":\"Gr\u00fcndung der MCW Systemtechnik GmbH\",\"datePublished\":\"2023-01-25T15:58:17+00:00\",\"dateModified\":\"2024-08-16T08:14:09+00:00\",\"mainEntityOfPage\":{\"@id\":\"https:\\\/\\\/mcw-systemtechnik.com\\\/de\\\/gruendung-der-mcw-systemtechnik-gmbh\\\/\"},\"wordCount\":806,\"publisher\":{\"@id\":\"https:\\\/\\\/mcw-systemtechnik.com\\\/de\\\/#organization\"},\"image\":{\"@id\":\"https:\\\/\\\/mcw-systemtechnik.com\\\/de\\\/gruendung-der-mcw-systemtechnik-gmbh\\\/#primaryimage\"},\"thumbnailUrl\":\"https:\\\/\\\/mcw-systemtechnik.com\\\/wp-content\\\/uploads\\\/Logo-MCW-Systemtechnik-Beitrag.webp\",\"inLanguage\":\"de\"},{\"@type\":\"WebPage\",\"@id\":\"https:\\\/\\\/mcw-systemtechnik.com\\\/de\\\/gruendung-der-mcw-systemtechnik-gmbh\\\/\",\"url\":\"https:\\\/\\\/mcw-systemtechnik.com\\\/de\\\/gruendung-der-mcw-systemtechnik-gmbh\\\/\",\"name\":\"Gr\u00fcndung der MCW Systemtechnik GmbH - MCW Systemtechnik\",\"isPartOf\":{\"@id\":\"https:\\\/\\\/mcw-systemtechnik.com\\\/de\\\/#website\"},\"primaryImageOfPage\":{\"@id\":\"https:\\\/\\\/mcw-systemtechnik.com\\\/de\\\/gruendung-der-mcw-systemtechnik-gmbh\\\/#primaryimage\"},\"image\":{\"@id\":\"https:\\\/\\\/mcw-systemtechnik.com\\\/de\\\/gruendung-der-mcw-systemtechnik-gmbh\\\/#primaryimage\"},\"thumbnailUrl\":\"https:\\\/\\\/mcw-systemtechnik.com\\\/wp-content\\\/uploads\\\/Logo-MCW-Systemtechnik-Beitrag.webp\",\"datePublished\":\"2023-01-25T15:58:17+00:00\",\"dateModified\":\"2024-08-16T08:14:09+00:00\",\"description\":\"Die Br\u00fcder Wolf gr\u00fcndeten im Januar 2023 die MCW Systemtechnik GmbH und l\u00e4uteten damit den n\u00e4chsten Schritt unserer Erfolgsgeschichte ein.\",\"breadcrumb\":{\"@id\":\"https:\\\/\\\/mcw-systemtechnik.com\\\/de\\\/gruendung-der-mcw-systemtechnik-gmbh\\\/#breadcrumb\"},\"inLanguage\":\"de\",\"potentialAction\":[{\"@type\":\"ReadAction\",\"target\":[\"https:\\\/\\\/mcw-systemtechnik.com\\\/de\\\/gruendung-der-mcw-systemtechnik-gmbh\\\/\"]}]},{\"@type\":\"ImageObject\",\"inLanguage\":\"de\",\"@id\":\"https:\\\/\\\/mcw-systemtechnik.com\\\/de\\\/gruendung-der-mcw-systemtechnik-gmbh\\\/#primaryimage\",\"url\":\"https:\\\/\\\/mcw-systemtechnik.com\\\/wp-content\\\/uploads\\\/Logo-MCW-Systemtechnik-Beitrag.webp\",\"contentUrl\":\"https:\\\/\\\/mcw-systemtechnik.com\\\/wp-content\\\/uploads\\\/Logo-MCW-Systemtechnik-Beitrag.webp\",\"width\":503,\"height\":372,\"caption\":\"Logo MCW Systemtechnik quadratisch\"},{\"@type\":\"BreadcrumbList\",\"@id\":\"https:\\\/\\\/mcw-systemtechnik.com\\\/de\\\/gruendung-der-mcw-systemtechnik-gmbh\\\/#breadcrumb\",\"itemListElement\":[{\"@type\":\"ListItem\",\"position\":1,\"name\":\"Startseite\",\"item\":\"https:\\\/\\\/mcw-systemtechnik.com\\\/de\\\/\"},{\"@type\":\"ListItem\",\"position\":2,\"name\":\"Gr\u00fcndung der MCW Systemtechnik GmbH\"}]},{\"@type\":\"WebSite\",\"@id\":\"https:\\\/\\\/mcw-systemtechnik.com\\\/de\\\/#website\",\"url\":\"https:\\\/\\\/mcw-systemtechnik.com\\\/de\\\/\",\"name\":\"MCW Systemtechnik\",\"description\":\"\",\"publisher\":{\"@id\":\"https:\\\/\\\/mcw-systemtechnik.com\\\/de\\\/#organization\"},\"potentialAction\":[{\"@type\":\"SearchAction\",\"target\":{\"@type\":\"EntryPoint\",\"urlTemplate\":\"https:\\\/\\\/mcw-systemtechnik.com\\\/de\\\/?s={search_term_string}\"},\"query-input\":{\"@type\":\"PropertyValueSpecification\",\"valueRequired\":true,\"valueName\":\"search_term_string\"}}],\"inLanguage\":\"de\"},{\"@type\":\"Organization\",\"@id\":\"https:\\\/\\\/mcw-systemtechnik.com\\\/de\\\/#organization\",\"name\":\"MCW Systemtechnik\",\"url\":\"https:\\\/\\\/mcw-systemtechnik.com\\\/de\\\/\",\"logo\":{\"@type\":\"ImageObject\",\"inLanguage\":\"de\",\"@id\":\"https:\\\/\\\/mcw-systemtechnik.com\\\/de\\\/#\\\/schema\\\/logo\\\/image\\\/\",\"url\":\"https:\\\/\\\/mcw-systemtechnik.com\\\/wp-content\\\/uploads\\\/Logo-MCW-Systemtechnik.webp\",\"contentUrl\":\"https:\\\/\\\/mcw-systemtechnik.com\\\/wp-content\\\/uploads\\\/Logo-MCW-Systemtechnik.webp\",\"width\":472,\"height\":195,\"caption\":\"MCW Systemtechnik\"},\"image\":{\"@id\":\"https:\\\/\\\/mcw-systemtechnik.com\\\/de\\\/#\\\/schema\\\/logo\\\/image\\\/\"},\"sameAs\":[\"https:\\\/\\\/www.facebook.com\\\/MCWSystemtechnik\\\/\"]},{\"@type\":\"Person\",\"@id\":\"https:\\\/\\\/mcw-systemtechnik.com\\\/de\\\/#\\\/schema\\\/person\\\/f5089f83085d52d59b37630503785cdd\",\"name\":\"werbeluchs\",\"description\":\"Der Werbeluchs ist die Werbeagentur f\u00fcr Niederbayern und die Oberpfalz. Als Werbeagentur Regensburg, Werbeagentur Straubing, Werbeagentur Cham und Werbeagentur Deggendorf helfen wir unseren Kunden, sichtbar am Markt zu werden und die eigene Marke aufzubauen. Wie erstellen alle Arten von Druckprodukten sowie Webseiten und SocialMedia Marketing. Ein gro\u00dfer Schwerpunkt ist ausserdem die Suchmaschinenoptimierung Ihrer Webseite. Weitere Informationen hier: Werbeagentur f\u00fcr Niederbayern und der Oberpfalz Werbeagentur Regensburg Werbeagentur Straubing Werbeagentur Cham Werbeagentur Deggendorf\",\"sameAs\":[\"https:\\\/\\\/werbeluchs.com\",\"https:\\\/\\\/www.facebook.com\\\/werbeluchs\\\/\",\"https:\\\/\\\/www.instagram.com\\\/werbeluchs\\\/\",\"https:\\\/\\\/www.linkedin.com\\\/company\\\/werbeluchs\\\/\",\"https:\\\/\\\/www.pinterest.de\\\/werbeluchs\\\/\",\"https:\\\/\\\/www.youtube.com\\\/@werbeluchs\"],\"url\":\"https:\\\/\\\/mcw-systemtechnik.com\\\/de\\\/author\\\/werbeluchs\\\/\"}]}<\/script>\n<!-- \/ Yoast SEO Premium plugin. -->","yoast_head_json":{"title":"Gr\u00fcndung der MCW Systemtechnik GmbH - MCW Systemtechnik","description":"Die Br\u00fcder Wolf gr\u00fcndeten im Januar 2023 die MCW Systemtechnik GmbH und l\u00e4uteten damit den n\u00e4chsten Schritt unserer Erfolgsgeschichte ein.","robots":{"index":"index","follow":"follow","max-snippet":"max-snippet:-1","max-image-preview":"max-image-preview:large","max-video-preview":"max-video-preview:-1"},"canonical":"https:\/\/mcw-systemtechnik.com\/de\/gruendung-der-mcw-systemtechnik-gmbh\/","og_locale":"de_DE","og_type":"article","og_title":"Gr\u00fcndung der MCW Systemtechnik GmbH","og_description":"Die Br\u00fcder Wolf gr\u00fcndeten im Januar 2023 die MCW Systemtechnik GmbH und l\u00e4uteten damit den n\u00e4chsten Schritt unserer Erfolgsgeschichte ein.","og_url":"https:\/\/mcw-systemtechnik.com\/de\/gruendung-der-mcw-systemtechnik-gmbh\/","og_site_name":"MCW Systemtechnik","article_publisher":"https:\/\/www.facebook.com\/MCWSystemtechnik\/","article_author":"https:\/\/www.facebook.com\/werbeluchs\/","article_published_time":"2023-01-25T15:58:17+00:00","article_modified_time":"2024-08-16T08:14:09+00:00","og_image":[{"width":503,"height":372,"url":"https:\/\/mcw-systemtechnik.com\/wp-content\/uploads\/Logo-MCW-Systemtechnik-Beitrag.webp","type":"image\/webp"}],"author":"werbeluchs","schema":{"@context":"https:\/\/schema.org","@graph":[{"@type":"Article","@id":"https:\/\/mcw-systemtechnik.com\/de\/gruendung-der-mcw-systemtechnik-gmbh\/#article","isPartOf":{"@id":"https:\/\/mcw-systemtechnik.com\/de\/gruendung-der-mcw-systemtechnik-gmbh\/"},"author":{"name":"werbeluchs","@id":"https:\/\/mcw-systemtechnik.com\/de\/#\/schema\/person\/f5089f83085d52d59b37630503785cdd"},"headline":"Gr\u00fcndung der MCW Systemtechnik GmbH","datePublished":"2023-01-25T15:58:17+00:00","dateModified":"2024-08-16T08:14:09+00:00","mainEntityOfPage":{"@id":"https:\/\/mcw-systemtechnik.com\/de\/gruendung-der-mcw-systemtechnik-gmbh\/"},"wordCount":806,"publisher":{"@id":"https:\/\/mcw-systemtechnik.com\/de\/#organization"},"image":{"@id":"https:\/\/mcw-systemtechnik.com\/de\/gruendung-der-mcw-systemtechnik-gmbh\/#primaryimage"},"thumbnailUrl":"https:\/\/mcw-systemtechnik.com\/wp-content\/uploads\/Logo-MCW-Systemtechnik-Beitrag.webp","inLanguage":"de"},{"@type":"WebPage","@id":"https:\/\/mcw-systemtechnik.com\/de\/gruendung-der-mcw-systemtechnik-gmbh\/","url":"https:\/\/mcw-systemtechnik.com\/de\/gruendung-der-mcw-systemtechnik-gmbh\/","name":"Gr\u00fcndung der MCW Systemtechnik GmbH - MCW Systemtechnik","isPartOf":{"@id":"https:\/\/mcw-systemtechnik.com\/de\/#website"},"primaryImageOfPage":{"@id":"https:\/\/mcw-systemtechnik.com\/de\/gruendung-der-mcw-systemtechnik-gmbh\/#primaryimage"},"image":{"@id":"https:\/\/mcw-systemtechnik.com\/de\/gruendung-der-mcw-systemtechnik-gmbh\/#primaryimage"},"thumbnailUrl":"https:\/\/mcw-systemtechnik.com\/wp-content\/uploads\/Logo-MCW-Systemtechnik-Beitrag.webp","datePublished":"2023-01-25T15:58:17+00:00","dateModified":"2024-08-16T08:14:09+00:00","description":"Die Br\u00fcder Wolf gr\u00fcndeten im Januar 2023 die MCW Systemtechnik GmbH und l\u00e4uteten damit den n\u00e4chsten Schritt unserer Erfolgsgeschichte ein.","breadcrumb":{"@id":"https:\/\/mcw-systemtechnik.com\/de\/gruendung-der-mcw-systemtechnik-gmbh\/#breadcrumb"},"inLanguage":"de","potentialAction":[{"@type":"ReadAction","target":["https:\/\/mcw-systemtechnik.com\/de\/gruendung-der-mcw-systemtechnik-gmbh\/"]}]},{"@type":"ImageObject","inLanguage":"de","@id":"https:\/\/mcw-systemtechnik.com\/de\/gruendung-der-mcw-systemtechnik-gmbh\/#primaryimage","url":"https:\/\/mcw-systemtechnik.com\/wp-content\/uploads\/Logo-MCW-Systemtechnik-Beitrag.webp","contentUrl":"https:\/\/mcw-systemtechnik.com\/wp-content\/uploads\/Logo-MCW-Systemtechnik-Beitrag.webp","width":503,"height":372,"caption":"Logo MCW Systemtechnik quadratisch"},{"@type":"BreadcrumbList","@id":"https:\/\/mcw-systemtechnik.com\/de\/gruendung-der-mcw-systemtechnik-gmbh\/#breadcrumb","itemListElement":[{"@type":"ListItem","position":1,"name":"Startseite","item":"https:\/\/mcw-systemtechnik.com\/de\/"},{"@type":"ListItem","position":2,"name":"Gr\u00fcndung der MCW Systemtechnik GmbH"}]},{"@type":"WebSite","@id":"https:\/\/mcw-systemtechnik.com\/de\/#website","url":"https:\/\/mcw-systemtechnik.com\/de\/","name":"MCW Systemtechnik","description":"","publisher":{"@id":"https:\/\/mcw-systemtechnik.com\/de\/#organization"},"potentialAction":[{"@type":"SearchAction","target":{"@type":"EntryPoint","urlTemplate":"https:\/\/mcw-systemtechnik.com\/de\/?s={search_term_string}"},"query-input":{"@type":"PropertyValueSpecification","valueRequired":true,"valueName":"search_term_string"}}],"inLanguage":"de"},{"@type":"Organization","@id":"https:\/\/mcw-systemtechnik.com\/de\/#organization","name":"MCW Systemtechnik","url":"https:\/\/mcw-systemtechnik.com\/de\/","logo":{"@type":"ImageObject","inLanguage":"de","@id":"https:\/\/mcw-systemtechnik.com\/de\/#\/schema\/logo\/image\/","url":"https:\/\/mcw-systemtechnik.com\/wp-content\/uploads\/Logo-MCW-Systemtechnik.webp","contentUrl":"https:\/\/mcw-systemtechnik.com\/wp-content\/uploads\/Logo-MCW-Systemtechnik.webp","width":472,"height":195,"caption":"MCW Systemtechnik"},"image":{"@id":"https:\/\/mcw-systemtechnik.com\/de\/#\/schema\/logo\/image\/"},"sameAs":["https:\/\/www.facebook.com\/MCWSystemtechnik\/"]},{"@type":"Person","@id":"https:\/\/mcw-systemtechnik.com\/de\/#\/schema\/person\/f5089f83085d52d59b37630503785cdd","name":"werbeluchs","description":"Der Werbeluchs ist die Werbeagentur f\u00fcr Niederbayern und die Oberpfalz. Als Werbeagentur Regensburg, Werbeagentur Straubing, Werbeagentur Cham und Werbeagentur Deggendorf helfen wir unseren Kunden, sichtbar am Markt zu werden und die eigene Marke aufzubauen. Wie erstellen alle Arten von Druckprodukten sowie Webseiten und SocialMedia Marketing. Ein gro\u00dfer Schwerpunkt ist ausserdem die Suchmaschinenoptimierung Ihrer Webseite. Weitere Informationen hier: Werbeagentur f\u00fcr Niederbayern und der Oberpfalz Werbeagentur Regensburg Werbeagentur Straubing Werbeagentur Cham Werbeagentur Deggendorf","sameAs":["https:\/\/werbeluchs.com","https:\/\/www.facebook.com\/werbeluchs\/","https:\/\/www.instagram.com\/werbeluchs\/","https:\/\/www.linkedin.com\/company\/werbeluchs\/","https:\/\/www.pinterest.de\/werbeluchs\/","https:\/\/www.youtube.com\/@werbeluchs"],"url":"https:\/\/mcw-systemtechnik.com\/de\/author\/werbeluchs\/"}]}},"_links":{"self":[{"href":"https:\/\/mcw-systemtechnik.com\/de\/wp-json\/wp\/v2\/posts\/4996","targetHints":{"allow":["GET"]}}],"collection":[{"href":"https:\/\/mcw-systemtechnik.com\/de\/wp-json\/wp\/v2\/posts"}],"about":[{"href":"https:\/\/mcw-systemtechnik.com\/de\/wp-json\/wp\/v2\/types\/post"}],"author":[{"embeddable":true,"href":"https:\/\/mcw-systemtechnik.com\/de\/wp-json\/wp\/v2\/users\/1"}],"replies":[{"embeddable":true,"href":"https:\/\/mcw-systemtechnik.com\/de\/wp-json\/wp\/v2\/comments?post=4996"}],"version-history":[{"count":0,"href":"https:\/\/mcw-systemtechnik.com\/de\/wp-json\/wp\/v2\/posts\/4996\/revisions"}],"wp:featuredmedia":[{"embeddable":true,"href":"https:\/\/mcw-systemtechnik.com\/de\/wp-json\/wp\/v2\/media\/5975"}],"wp:attachment":[{"href":"https:\/\/mcw-systemtechnik.com\/de\/wp-json\/wp\/v2\/media?parent=4996"}],"wp:term":[{"taxonomy":"category","embeddable":true,"href":"https:\/\/mcw-systemtechnik.com\/de\/wp-json\/wp\/v2\/categories?post=4996"},{"taxonomy":"post_tag","embeddable":true,"href":"https:\/\/mcw-systemtechnik.com\/de\/wp-json\/wp\/v2\/tags?post=4996"}],"curies":[{"name":"wp","href":"https:\/\/api.w.org\/{rel}","templated":true}]}}